{"id":15269,"date":"2019-07-23T18:16:41","date_gmt":"2019-07-23T16:16:41","guid":{"rendered":"http:\/\/aspasiatravel.es\/?p=15269"},"modified":"2019-07-23T18:21:43","modified_gmt":"2019-07-23T16:21:43","slug":"la-vida-en-el-lago-inle-myanmar","status":"publish","type":"post","link":"https:\/\/aspasiatravel.es\/ca\/blog\/la-vida-en-el-lago-inle-myanmar\/","title":{"rendered":"La vida al llac Inle, Relat d'un Viatge a Myanmar"},"content":{"rendered":"<div class=\"wpb-content-wrapper\"><div class=\"vc_row wpb_row vc_row-fluid\" style=\"background-color: #ffffff;\"><div class=\"wpb_column vc_column_container vc_col-sm-12\"><div class=\"vc_column-inner\"><div class=\"wpb_wrapper\"><div class=\"vc_empty_space\"   style=\"height: 52px\"><span class=\"vc_empty_space_inner\"><\/span><\/div>\n\t<div class=\"wpb_text_column wpb_content_element\" >\n\t\t<div class=\"wpb_wrapper\">\n\t\t\t<h1 style=\"text-align: center;\"><strong>LA VIDA AL LLAC INLE (RELAT D'UN VIAGE A MYANMAR)<\/strong><\/h1>\n<p style=\"text-align: center;\">Situat a uns 900m d'altitud, el <strong>Llac Inle<\/strong> est\u00e9n les seves aig\u00fces en una \u00e0rea de 500 Km2. Els seus 5 x 100 km acullen uns 9 tipus de peixos, gaster\u00f2podes i una vegetaci\u00f3 aqu\u00e0tica exuberant.<\/p>\n<p style=\"text-align: center;\">Segons l'\u00e8poca de l'any la seva profunditat oscil\u00b7la entre 2 i 4 m. \u00c9s el segon llac m\u00e9s gran del pa\u00eds i un dels llocs imprescindibles que <strong>cal visitar en el nostre viatge a Myanmar<\/strong>.<\/p>\n\n\t\t<\/div>\n\t<\/div>\n<div class=\"vc_empty_space\"   style=\"height: 32px\"><span class=\"vc_empty_space_inner\"><\/span><\/div>\n\t<div  class=\"wpb_single_image wpb_content_element vc_align_center wpb_content_element\">\n\t\t\n\t\t<figure class=\"wpb_wrapper vc_figure\">\n\t\t\t<div class=\"vc_single_image-wrapper   vc_box_border_grey\"><img fetchpriority=\"high\" decoding=\"async\" data-vc-zoom=\"https:\/\/aspasiatravel.es\/wp-content\/uploads\/2019\/07\/cielo-y-lago-1024x768.jpg\" class=\"vc_single_image-img\" src=\"https:\/\/aspasiatravel.es\/wp-content\/uploads\/2019\/07\/cielo-y-lago.jpg\" width=\"1177\" height=\"883\" alt=\"cielo y lago\" title=\"cel i llac\" \/><\/div>\n\t\t<\/figure>\n\t<\/div>\n<div class=\"vc_empty_space\"   style=\"height: 10px\"><span class=\"vc_empty_space_inner\"><\/span><\/div><\/div><\/div><\/div><\/div><div class=\"vc_row wpb_row vc_row-fluid\" style=\"background-color: #ffffff;\"><div class=\"wpb_column vc_column_container vc_col-sm-6\"><div class=\"vc_column-inner\"><div class=\"wpb_wrapper\">\n\t<div class=\"wpb_text_column wpb_content_element\" >\n\t\t<div class=\"wpb_wrapper\">\n\t\t\t<h2 style=\"text-align: justify;\"><strong>LA POESIA EN EL PAISATGE DEL LLAC INLE<\/strong><\/h2>\n<p style=\"text-align: justify;\">Situat a uns 900m d'altitud, el <strong>Llac Inle<\/strong> est\u00e9n les seves aig\u00fces en una \u00e0rea de 500 Km2. Els seus 5 x 100 km acullen uns 9 tipus de peixos, gaster\u00f2podes i una vegetaci\u00f3 aqu\u00e0tica exuberant.<\/p>\n<p style=\"text-align: justify;\">Segons l'\u00e8poca de l'any la seva profunditat oscil\u00b7la entre 2 i 4 m. \u00c9s el segon llac m\u00e9s gran del pa\u00eds i un dels llocs imprescindibles que <strong>cal visitar en el nostre viatge a Myanmar<\/strong>.<\/p>\n<p style=\"text-align: justify;\">Un joc d'espills entre el cel i l'aigua captiva tots els que tenen la sort de fer el trajecte en barca per les seves ribes. M'atreveixo a dir que la riquesa m\u00e9s gran de la seva gent senzilla i amable \u00e9s precisament el reflex d'un cel que reposa a la porta de les seves cases flotants.<\/p>\n<p style=\"text-align: justify;\">Quan una visita el <strong>Llac Inle<\/strong> s'adona que la vida es desenvolupa gr\u00e0cies a l'aigua i al seu voltant. De les 120 viles que l'emmarquen, unes 50 s\u00f3n flotants, poblades majorit\u00e0riament pels Intha (fills del llac). S\u00f3n viles petites, d'entre 500 i 1000 habitants. El nucli m\u00e9s poblat \u00e9s Nyaung Swe, d'uns 20.000 habitants.<\/p>\n<p style=\"text-align: justify;\">Cada casa t\u00e9 la seva barqueteta amarrat a punt per despla\u00e7ar-se i cada poble una barca comunit\u00e0ria amb capacitat per unes 100 persones. \u00c9s la que s'usa i decora en dates i festivals especials com el de la <strong>festa de la Pagoda Phaung Daw<\/strong>, un espectacle de color i balls sobre les barques. (Aspasia Travel ofereix una <strong>sortida especial per al festival, del 26 de setembre al 9 d'octubre del 2019).<\/strong><\/p>\n\n\t\t<\/div>\n\t<\/div>\n<div class=\"vc_empty_space\"   style=\"height: 10px\"><span class=\"vc_empty_space_inner\"><\/span><\/div>\n\t<div  class=\"wpb_single_image wpb_content_element vc_align_ wpb_content_element\">\n\t\t\n\t\t<figure class=\"wpb_wrapper vc_figure\">\n\t\t\t<div class=\"vc_single_image-wrapper   vc_box_border_grey\"><img decoding=\"async\" data-vc-zoom=\"https:\/\/aspasiatravel.es\/wp-content\/uploads\/2019\/07\/pueblo-constructor-de-barcos.jpg\" width=\"662\" height=\"883\" data-src=\"https:\/\/aspasiatravel.es\/wp-content\/uploads\/2019\/07\/pueblo-constructor-de-barcos.jpg\" class=\"vc_single_image-img attachment-large lazyload\" alt=\"pueblo constructor de barcos\" title=\"poble constructor de vaixells\" data-srcset=\"https:\/\/aspasiatravel.es\/wp-content\/uploads\/2019\/07\/pueblo-constructor-de-barcos.jpg 662w, https:\/\/aspasiatravel.es\/wp-content\/uploads\/2019\/07\/pueblo-constructor-de-barcos-600x800.jpg 600w, https:\/\/aspasiatravel.es\/wp-content\/uploads\/2019\/07\/pueblo-constructor-de-barcos-225x300.jpg 225w\" data-sizes=\"(max-width: 662px) 100vw, 662px\" src=\"data:image\/gif;base64,R0lGODlhAQABAAAAACH5BAEKAAEALAAAAAABAAEAAAICTAEAOw==\" style=\"--smush-placeholder-width: 662px; --smush-placeholder-aspect-ratio: 662\/883;\" \/><\/div>\n\t\t<\/figure>\n\t<\/div>\n<\/div><\/div><\/div><div class=\"wpb_column vc_column_container vc_col-sm-6\"><div class=\"vc_column-inner\"><div class=\"wpb_wrapper\"><div class=\"vc_empty_space\"   style=\"height: 70px\"><span class=\"vc_empty_space_inner\"><\/span><\/div>\n\t<div  class=\"wpb_single_image wpb_content_element vc_align_ wpb_content_element\">\n\t\t\n\t\t<figure class=\"wpb_wrapper vc_figure\">\n\t\t\t<div class=\"vc_single_image-wrapper   vc_box_border_grey\"><img decoding=\"async\" data-vc-zoom=\"https:\/\/aspasiatravel.es\/wp-content\/uploads\/2019\/07\/mercado-en-el-Lago.jpg\" width=\"662\" height=\"883\" data-src=\"https:\/\/aspasiatravel.es\/wp-content\/uploads\/2019\/07\/mercado-en-el-Lago.jpg\" class=\"vc_single_image-img attachment-large lazyload\" alt=\"mercado en el Lago\" title=\"mercat al Llac\" data-srcset=\"https:\/\/aspasiatravel.es\/wp-content\/uploads\/2019\/07\/mercado-en-el-Lago.jpg 662w, https:\/\/aspasiatravel.es\/wp-content\/uploads\/2019\/07\/mercado-en-el-Lago-600x800.jpg 600w, https:\/\/aspasiatravel.es\/wp-content\/uploads\/2019\/07\/mercado-en-el-Lago-225x300.jpg 225w\" data-sizes=\"(max-width: 662px) 100vw, 662px\" src=\"data:image\/gif;base64,R0lGODlhAQABAAAAACH5BAEKAAEALAAAAAABAAEAAAICTAEAOw==\" style=\"--smush-placeholder-width: 662px; --smush-placeholder-aspect-ratio: 662\/883;\" \/><\/div>\n\t\t<\/figure>\n\t<\/div>\n<div class=\"vc_empty_space\"   style=\"height: 50px\"><span class=\"vc_empty_space_inner\"><\/span><\/div>\n\t<div class=\"wpb_text_column wpb_content_element\" >\n\t\t<div class=\"wpb_wrapper\">\n\t\t\t<p style=\"text-align: justify;\">Sens dubte, <strong>la pagoda Phaung Daw<\/strong> \u00e9s un dels punts m\u00e9s importants del llac. S'hi accedeix en barca i l'interior de la seva estupa daurada acull 5 est\u00e0tues antigues de Buda, actualment tan cobertes d'or que a penes s'aprecia el seu perfil.<\/p>\n<p style=\"text-align: justify;\">\u00c9s interessant l'activitat que realitzen les viles. Es distribueixen per oficis. Aix\u00ed, pots visitar el poble on construeixen vaixells de fusta, el poble que produeix tabac, el dels ferrers, el poble que es dedica als teixits de seda, cot\u00f3 i lot, el poble de la plata... Els mercats s\u00f3n itinerants i cada dia toca mercat en un poble diferent. La gent hi acudeix en barca per comprar els productes de la zona. Sens dubte un bon retrat de la vida local.<\/p>\n<p style=\"text-align: justify;\">Curiosos tamb\u00e9 s\u00f3n els horts flotants de tom\u00e0quet, les terres dels quals s\u00f3n guanyades al llac a base d'apilar algues per constituir el substrat de les plantes.<\/p>\n<p style=\"text-align: justify;\">Un punt i apart s\u00f3n els pescadors o malabaristes que sostenen amb els seus peus rudimentaris estris que, a manera de trampes, fan les del\u00edcies de les c\u00e0meres del viatger.<\/p>\n<p style=\"text-align: justify;\">Sens dubte tot un estil de vida que <strong>podr\u00e0s observar si viatges amb Aspasia Travel a Myanmar<\/strong>.<\/p>\n<p style=\"text-align: right;\">A. Audenis<\/p>\n\n\t\t<\/div>\n\t<\/div>\n<\/div><\/div><\/div><\/div><div class=\"vc_row wpb_row vc_row-fluid\" style=\"background-color: #ffffff;\"><div class=\"wpb_column vc_column_container vc_col-sm-12\"><div class=\"vc_column-inner\"><div class=\"wpb_wrapper\">\n\t<div  class=\"wpb_single_image wpb_content_element vc_align_ wpb_content_element\">\n\t\t\n\t\t<figure class=\"wpb_wrapper vc_figure\">\n\t\t\t<div class=\"vc_single_image-wrapper   vc_box_border_grey\"><img decoding=\"async\" data-vc-zoom=\"https:\/\/aspasiatravel.es\/wp-content\/uploads\/2019\/07\/pesca-1024x768.jpg\" width=\"980\" height=\"735\" data-src=\"https:\/\/aspasiatravel.es\/wp-content\/uploads\/2019\/07\/pesca-1024x768.jpg\" class=\"vc_single_image-img attachment-large lazyload\" alt=\"pesca\" title=\"pesca\" data-srcset=\"https:\/\/aspasiatravel.es\/wp-content\/uploads\/2019\/07\/pesca-1024x768.jpg 1024w, https:\/\/aspasiatravel.es\/wp-content\/uploads\/2019\/07\/pesca-600x450.jpg 600w, https:\/\/aspasiatravel.es\/wp-content\/uploads\/2019\/07\/pesca-300x225.jpg 300w, https:\/\/aspasiatravel.es\/wp-content\/uploads\/2019\/07\/pesca-768x576.jpg 768w, https:\/\/aspasiatravel.es\/wp-content\/uploads\/2019\/07\/pesca.jpg 1177w\" data-sizes=\"(max-width: 980px) 100vw, 980px\" src=\"data:image\/gif;base64,R0lGODlhAQABAAAAACH5BAEKAAEALAAAAAABAAEAAAICTAEAOw==\" style=\"--smush-placeholder-width: 980px; --smush-placeholder-aspect-ratio: 980\/735;\" \/><\/div>\n\t\t<span class=\"wpb_single_image_caption\">Pescador tradicional<\/span><\/figure>\n\t<\/div>\n\n\t<div  class=\"wpb_single_image wpb_content_element vc_align_ wpb_content_element\">\n\t\t\n\t\t<figure class=\"wpb_wrapper vc_figure\">\n\t\t\t<div class=\"vc_single_image-wrapper   vc_box_border_grey\"><img decoding=\"async\" data-vc-zoom=\"https:\/\/aspasiatravel.es\/wp-content\/uploads\/2019\/07\/casas-flotantes-1024x576.jpg\" width=\"980\" height=\"551\" data-src=\"https:\/\/aspasiatravel.es\/wp-content\/uploads\/2019\/07\/casas-flotantes-1024x576.jpg\" class=\"vc_single_image-img attachment-large lazyload\" alt=\"casas flotantes\" title=\"cases flotants\" data-srcset=\"https:\/\/aspasiatravel.es\/wp-content\/uploads\/2019\/07\/casas-flotantes-1024x576.jpg 1024w, https:\/\/aspasiatravel.es\/wp-content\/uploads\/2019\/07\/casas-flotantes-600x337.jpg 600w, https:\/\/aspasiatravel.es\/wp-content\/uploads\/2019\/07\/casas-flotantes-300x169.jpg 300w, https:\/\/aspasiatravel.es\/wp-content\/uploads\/2019\/07\/casas-flotantes-768x432.jpg 768w, https:\/\/aspasiatravel.es\/wp-content\/uploads\/2019\/07\/casas-flotantes.jpg 1570w\" data-sizes=\"(max-width: 980px) 100vw, 980px\" src=\"data:image\/gif;base64,R0lGODlhAQABAAAAACH5BAEKAAEALAAAAAABAAEAAAICTAEAOw==\" style=\"--smush-placeholder-width: 980px; --smush-placeholder-aspect-ratio: 980\/551;\" \/><\/div>\n\t\t<span class=\"wpb_single_image_caption\">Casa flotant<\/span><\/figure>\n\t<\/div>\n\n\t<div  class=\"wpb_single_image wpb_content_element vc_align_ wpb_content_element\">\n\t\t\n\t\t<figure class=\"wpb_wrapper vc_figure\">\n\t\t\t<div class=\"vc_single_image-wrapper   vc_box_border_grey\"><img decoding=\"async\" data-vc-zoom=\"https:\/\/aspasiatravel.es\/wp-content\/uploads\/2019\/07\/huertos-flotantes-de-tomates-1024x768.jpg\" width=\"980\" height=\"735\" data-src=\"https:\/\/aspasiatravel.es\/wp-content\/uploads\/2019\/07\/huertos-flotantes-de-tomates-1024x768.jpg\" class=\"vc_single_image-img attachment-large lazyload\" alt=\"huertos flotantes de tomates\" title=\"horts flotants de tom\u00e0quets\" data-srcset=\"https:\/\/aspasiatravel.es\/wp-content\/uploads\/2019\/07\/huertos-flotantes-de-tomates-1024x768.jpg 1024w, https:\/\/aspasiatravel.es\/wp-content\/uploads\/2019\/07\/huertos-flotantes-de-tomates-600x450.jpg 600w, https:\/\/aspasiatravel.es\/wp-content\/uploads\/2019\/07\/huertos-flotantes-de-tomates-300x225.jpg 300w, https:\/\/aspasiatravel.es\/wp-content\/uploads\/2019\/07\/huertos-flotantes-de-tomates-768x576.jpg 768w, https:\/\/aspasiatravel.es\/wp-content\/uploads\/2019\/07\/huertos-flotantes-de-tomates.jpg 1177w\" data-sizes=\"(max-width: 980px) 100vw, 980px\" src=\"data:image\/gif;base64,R0lGODlhAQABAAAAACH5BAEKAAEALAAAAAABAAEAAAICTAEAOw==\" style=\"--smush-placeholder-width: 980px; --smush-placeholder-aspect-ratio: 980\/735;\" \/><\/div>\n\t\t<span class=\"wpb_single_image_caption\">Hort de tom\u00e0quets flotant<\/span><\/figure>\n\t<\/div>\n<\/div><\/div><\/div><\/div><div class=\"vc_row wpb_row vc_row-fluid\" style=\"background-color: #ffffff;\"><div class=\"wpb_column vc_column_container vc_col-sm-12\"><div class=\"vc_column-inner\"><div class=\"wpb_wrapper\"><div class=\"vc_btn3-container vc_btn3-center vc_do_btn\" ><a class=\"vc_general vc_btn3 vc_btn3-size-md vc_btn3-shape-rounded vc_btn3-style-3d vc_btn3-color-mulled-wine\" href=\"http:\/\/aspasiatravel.es\/ca\/destinos\/myanmar\/\" title=\"http:\/\/aspasiatravel.es\/destinos\/india\/\">Vols visitar el Llac Inle en tot el seu esplendor? Descobreix les nostres rutes per Myanmar!<\/a><\/div><\/div><\/div><\/div><\/div><div class=\"vc_row wpb_row vc_row-fluid\"><div class=\"wpb_column vc_column_container vc_col-sm-12\"><div class=\"vc_column-inner\"><div class=\"wpb_wrapper\"><div class=\"vc_empty_space\"   style=\"height: 32px\"><span class=\"vc_empty_space_inner\"><\/span><\/div><div class=\"vc_row wpb_row vc_inner vc_row-fluid\"><div class=\"wpb_column vc_column_container vc_col-sm-4\"><div class=\"vc_column-inner\"><div class=\"wpb_wrapper\"><div class=\"vc_btn3-container vc_btn3-center vc_do_btn\" ><a class=\"vc_general vc_btn3 vc_btn3-size-md vc_btn3-shape-rounded vc_btn3-style-modern vc_btn3-color-orange\" href=\"http:\/\/aspasiatravel.es\/ca\/blog\/myanmar-blog\/\" title=\"\">Altres articles de Myanmar<\/a><\/div><\/div><\/div><\/div><div class=\"wpb_column vc_column_container vc_col-sm-4\"><div class=\"vc_column-inner\"><div class=\"wpb_wrapper\"><\/div><\/div><\/div><div class=\"wpb_column vc_column_container vc_col-sm-4\"><div class=\"vc_column-inner\"><div class=\"wpb_wrapper\"><div class=\"vc_btn3-container vc_btn3-center vc_do_btn\" ><a class=\"vc_general vc_btn3 vc_btn3-size-md vc_btn3-shape-rounded vc_btn3-style-modern vc_btn3-color-orange\" href=\"http:\/\/aspasiatravel.es\/ca\/blog\/\" title=\"\">Torna al Blog<\/a><\/div><\/div><\/div><\/div><\/div><\/div><\/div><\/div><\/div>\n<\/div>","protected":false},"excerpt":{"rendered":"LA VIDA EN EL LAGO INLE (RELATO DE UN VIAJE A MYANMAR) Situado a unos 900m de altitud, el Lago Inle extiende sus aguas en un \u00e1rea de 500 Km2. Sus 5 x 100 km albergan unos 9 tipos de peces, gaster\u00f3podos y una vegetaci\u00f3n acu\u00e1tica exuberante. Seg\u00fan la \u00e9poca del a\u00f1o su profundidad oscila&hellip;","protected":false},"author":215,"featured_media":15278,"comment_status":"open","ping_status":"closed","sticky":false,"template":"","format":"standard","meta":{"footnotes":""},"categories":[164,187],"tags":[281,284,279],"post_series":[278],"class_list":["post-15269","post","type-post","status-publish","format-standard","has-post-thumbnail","hentry","category-blog","category-myanmar-blog","tag-budismo","tag-lago-inle","tag-myanmar","post_series-myanmarblog","entry","has-media"],"_links":{"self":[{"href":"https:\/\/aspasiatravel.es\/ca\/wp-json\/wp\/v2\/posts\/15269","targetHints":{"allow":["GET"]}}],"collection":[{"href":"https:\/\/aspasiatravel.es\/ca\/wp-json\/wp\/v2\/posts"}],"about":[{"href":"https:\/\/aspasiatravel.es\/ca\/wp-json\/wp\/v2\/types\/post"}],"author":[{"embeddable":true,"href":"https:\/\/aspasiatravel.es\/ca\/wp-json\/wp\/v2\/users\/215"}],"replies":[{"embeddable":true,"href":"https:\/\/aspasiatravel.es\/ca\/wp-json\/wp\/v2\/comments?post=15269"}],"version-history":[{"count":0,"href":"https:\/\/aspasiatravel.es\/ca\/wp-json\/wp\/v2\/posts\/15269\/revisions"}],"wp:featuredmedia":[{"embeddable":true,"href":"https:\/\/aspasiatravel.es\/ca\/wp-json\/wp\/v2\/media\/15278"}],"wp:attachment":[{"href":"https:\/\/aspasiatravel.es\/ca\/wp-json\/wp\/v2\/media?parent=15269"}],"wp:term":[{"taxonomy":"category","embeddable":true,"href":"https:\/\/aspasiatravel.es\/ca\/wp-json\/wp\/v2\/categories?post=15269"},{"taxonomy":"post_tag","embeddable":true,"href":"https:\/\/aspasiatravel.es\/ca\/wp-json\/wp\/v2\/tags?post=15269"},{"taxonomy":"post_series","embeddable":true,"href":"https:\/\/aspasiatravel.es\/ca\/wp-json\/wp\/v2\/post_series?post=15269"}],"curies":[{"name":"wp","href":"https:\/\/api.w.org\/{rel}","templated":true}]}}